{"id":9161,"date":"2025-09-16T13:32:56","date_gmt":"2025-09-16T10:32:56","guid":{"rendered":"https:\/\/www.combiworks.com\/blog-posts\/tule-mukaan-alihankinta-2025-tapahtumaan-millainen-maailma-on-tullisotien-jalkeen\/"},"modified":"2025-09-16T13:39:24","modified_gmt":"2025-09-16T10:39:24","slug":"tule-mukaan-alihankinta-2025-tapahtumaan-millainen-maailma-on-tullisotien-jalkeen","status":"publish","type":"blog-posts","link":"https:\/\/www.combiworks.com\/fi\/blog\/tule-mukaan-alihankinta-2025-tapahtumaan-millainen-maailma-on-tullisotien-jalkeen\/","title":{"rendered":"Tule mukaan Alihankinta 2025 -tapahtumaan: Millainen maailma on tullisotien j\u00e4lkeen?"},"content":{"rendered":"\n<h3 class=\"wp-block-heading\">Olemme j\u00e4lleen innokkaasti mukana Alihankinta-messuilla Tampereella 30. syyskuuta &#8211; 2. lokakuuta. Kutsumme kaikki asiakkaamme ja yhteisty\u00f6kumppanimme l\u00e4mpim\u00e4sti tervetulleiksi k\u00e4ym\u00e4\u00e4n perinteisell\u00e4 osastollamme A233. <\/h3>\n\n<p><strong>Mit\u00e4 uutta Combi Worksilla on tarjota?<\/strong><\/p>\n\n<p>T\u00e4n\u00e4 vuonna olemme laajentaneet merkitt\u00e4v\u00e4sti tuotantokapasiteettiamme eri puolilla Suomea ja Eurooppaa muun muassa hitsauksen, mekaanisen kokoonpanon, s\u00e4rm\u00e4yksen ja esimerkiksi alumiinivalun osalta.<\/p>\n\n<p>Valmistuskapasiteettimme ja kyvykkyytemme ovat j\u00e4lleen kasvaneet ja voimme t\u00e4m\u00e4n turvin tarjota yh\u00e4 laajempia valmistusratkaisuja. Kerromme mielell\u00e4\u00e4n kasvotusten lis\u00e4\u00e4 asiakasesimerkein. <\/p>\n\n<p>Olemme my\u00f6s ylpeit\u00e4 voidessamme kertoa menestystarinan Alufix-turvakaiteiden siirtymisest\u00e4 omaan kokoonpanoomme ja siit\u00e4, miten toimitusketjupalvelumme pystyi skaalaamaan valmistuksen, lyhent\u00e4m\u00e4\u00e4n toimitusaikoja ja varmistamaan samalla laadun ja kustannustehokkuuden. Haluatko tiet\u00e4\u00e4, miten onnistuimme siin\u00e4?   <a href=\"https:\/\/www.combiworks.com\/fi\/blog\/alufixin-haltuunotto-combi-worksin-hankintapalvelun-menestystarina\/\" target=\"_blank\" rel=\"noreferrer noopener\">Lue koko tarina blogikirjoituksestamme.<\/a><\/p>\n\n<p><strong>Miksi osallistua?<\/strong><\/p>\n\n<p>Alihankinta-messut on alan ammattilaisten t\u00e4rkein tapahtuma Suomessa &#8211; paikka tavata, tervehti\u00e4 ja vaihtaa ajatuksia. Olitpa sitten pitk\u00e4aikainen yhteisty\u00f6kumppani tai potentiaalinen uusi yhteisty\u00f6kumppani, haluaisimme mielell\u00e4mme tavata sinut ja keskustella siit\u00e4, miten laajennetut mahdollisuutemme voivat hy\u00f6dytt\u00e4\u00e4 liiketoimintaasi. <br\/><br\/><a href=\"https:\/\/alihankinta.fi\/index\/registration?cat=565\">Rekister\u00f6idy n\u00e4yttelyyn ilmaiseksi t\u00e4\u00e4ll\u00e4.<\/a><\/p>\n\n<p>N\u00e4hd\u00e4\u00e4n osastolla A233!<\/p>\n","protected":false},"featured_media":8507,"template":"","format":"standard","block-category":[255,279,244],"hide-cover-photo":[],"class_list":["post-9161","blog-posts","type-blog-posts","status-publish","format-standard","has-post-thumbnail","hentry","block-category-factory-as-a-service-fi","block-category-hankintapalvelu","block-category-valmistuspalvelut"],"acf":[],"yoast_head":"<!-- This site is optimized with the Yoast SEO plugin v25.5 - https:\/\/yoast.com\/wordpress\/plugins\/seo\/ -->\n<title>Tule mukaan Alihankinta 2025 -tapahtumaan: Millainen maailma on tullisotien j\u00e4lkeen?<\/title>\n<meta name=\"description\" content=\"Combi Works on j\u00e4lleen mukana Alihankinta-messuilla Tampereella 30. syyskuuta - 2. lokakuuta. Kutsumme kaikki asiakkaamme ja yhteisty\u00f6kumppanimme l\u00e4mpim\u00e4sti k\u00e4ym\u00e4\u00e4n perinteisell\u00e4 osastollamme A233. %\" \/>\n<meta name=\"robots\" content=\"index, follow, max-snippet:-1, max-image-preview:large, max-video-preview:-1\" \/>\n<link rel=\"canonical\" href=\"https:\/\/www.combiworks.com\/fi\/blog\/tule-mukaan-alihankinta-2025-tapahtumaan-millainen-maailma-on-tullisotien-jalkeen\/\" \/>\n<meta property=\"og:locale\" content=\"fi_FI\" \/>\n<meta property=\"og:type\" content=\"article\" \/>\n<meta property=\"og:title\" content=\"Tule mukaan Alihankinta 2025 -tapahtumaan: Millainen maailma on tullisotien j\u00e4lkeen?\" \/>\n<meta property=\"og:description\" content=\"Combi Works on j\u00e4lleen mukana Alihankinta-messuilla Tampereella 30. syyskuuta - 2. lokakuuta. Kutsumme kaikki asiakkaamme ja yhteisty\u00f6kumppanimme l\u00e4mpim\u00e4sti k\u00e4ym\u00e4\u00e4n perinteisell\u00e4 osastollamme A233. %\" \/>\n<meta property=\"og:url\" content=\"https:\/\/www.combiworks.com\/fi\/blog\/tule-mukaan-alihankinta-2025-tapahtumaan-millainen-maailma-on-tullisotien-jalkeen\/\" \/>\n<meta property=\"og:site_name\" content=\"Combi Works\" \/>\n<meta property=\"article:publisher\" content=\"https:\/\/www.facebook.com\/people\/Combi-Works\/100057440740208\/\" \/>\n<meta property=\"article:modified_time\" content=\"2025-09-16T10:39:24+00:00\" \/>\n<meta property=\"og:image\" content=\"https:\/\/www.combiworks.com\/wp-content\/uploads\/2024\/10\/Combi-Works-a-the-Alihankinta-2024-expo-scaled.jpg\" \/>\n\t<meta property=\"og:image:width\" content=\"2200\" \/>\n\t<meta property=\"og:image:height\" content=\"2088\" \/>\n\t<meta property=\"og:image:type\" content=\"image\/jpeg\" \/>\n<meta name=\"twitter:card\" content=\"summary_large_image\" \/>\n<meta name=\"twitter:label1\" content=\"Arvioitu lukuaika\" \/>\n\t<meta name=\"twitter:data1\" content=\"1 minuutti\" \/>\n<script type=\"application\/ld+json\" class=\"yoast-schema-graph\">{\"@context\":\"https:\/\/schema.org\",\"@graph\":[{\"@type\":\"WebPage\",\"@id\":\"https:\/\/www.combiworks.com\/fi\/blog\/tule-mukaan-alihankinta-2025-tapahtumaan-millainen-maailma-on-tullisotien-jalkeen\/\",\"url\":\"https:\/\/www.combiworks.com\/fi\/blog\/tule-mukaan-alihankinta-2025-tapahtumaan-millainen-maailma-on-tullisotien-jalkeen\/\",\"name\":\"Tule mukaan Alihankinta 2025 -tapahtumaan: Millainen maailma on tullisotien j\u00e4lkeen?\",\"isPartOf\":{\"@id\":\"https:\/\/www.combiworks.com\/fi\/#website\"},\"primaryImageOfPage\":{\"@id\":\"https:\/\/www.combiworks.com\/fi\/blog\/tule-mukaan-alihankinta-2025-tapahtumaan-millainen-maailma-on-tullisotien-jalkeen\/#primaryimage\"},\"image\":{\"@id\":\"https:\/\/www.combiworks.com\/fi\/blog\/tule-mukaan-alihankinta-2025-tapahtumaan-millainen-maailma-on-tullisotien-jalkeen\/#primaryimage\"},\"thumbnailUrl\":\"https:\/\/www.combiworks.com\/wp-content\/uploads\/2024\/10\/Combi-Works-a-the-Alihankinta-2024-expo-scaled.jpg\",\"datePublished\":\"2025-09-16T10:32:56+00:00\",\"dateModified\":\"2025-09-16T10:39:24+00:00\",\"description\":\"Combi Works on j\u00e4lleen mukana Alihankinta-messuilla Tampereella 30. syyskuuta - 2. lokakuuta. Kutsumme kaikki asiakkaamme ja yhteisty\u00f6kumppanimme l\u00e4mpim\u00e4sti k\u00e4ym\u00e4\u00e4n perinteisell\u00e4 osastollamme A233. %\",\"breadcrumb\":{\"@id\":\"https:\/\/www.combiworks.com\/fi\/blog\/tule-mukaan-alihankinta-2025-tapahtumaan-millainen-maailma-on-tullisotien-jalkeen\/#breadcrumb\"},\"inLanguage\":\"fi\",\"potentialAction\":[{\"@type\":\"ReadAction\",\"target\":[\"https:\/\/www.combiworks.com\/fi\/blog\/tule-mukaan-alihankinta-2025-tapahtumaan-millainen-maailma-on-tullisotien-jalkeen\/\"]}]},{\"@type\":\"ImageObject\",\"inLanguage\":\"fi\",\"@id\":\"https:\/\/www.combiworks.com\/fi\/blog\/tule-mukaan-alihankinta-2025-tapahtumaan-millainen-maailma-on-tullisotien-jalkeen\/#primaryimage\",\"url\":\"https:\/\/www.combiworks.com\/wp-content\/uploads\/2024\/10\/Combi-Works-a-the-Alihankinta-2024-expo-scaled.jpg\",\"contentUrl\":\"https:\/\/www.combiworks.com\/wp-content\/uploads\/2024\/10\/Combi-Works-a-the-Alihankinta-2024-expo-scaled.jpg\",\"width\":2200,\"height\":2088,\"caption\":\"Alihankinta 2024 - Combi Works\"},{\"@type\":\"BreadcrumbList\",\"@id\":\"https:\/\/www.combiworks.com\/fi\/blog\/tule-mukaan-alihankinta-2025-tapahtumaan-millainen-maailma-on-tullisotien-jalkeen\/#breadcrumb\",\"itemListElement\":[{\"@type\":\"ListItem\",\"position\":1,\"name\":\"Home\",\"item\":\"https:\/\/www.combiworks.com\/fi\/\"},{\"@type\":\"ListItem\",\"position\":2,\"name\":\"Blog posts\",\"item\":\"https:\/\/www.combiworks.com\/fi\/blog\/\"},{\"@type\":\"ListItem\",\"position\":3,\"name\":\"Tule mukaan Alihankinta 2025 -tapahtumaan: Millainen maailma on tullisotien j\u00e4lkeen?\"}]},{\"@type\":\"WebSite\",\"@id\":\"https:\/\/www.combiworks.com\/fi\/#website\",\"url\":\"https:\/\/www.combiworks.com\/fi\/\",\"name\":\"Combi Works\",\"description\":\"The industrial manufacturing company - working in machine building and infra sectors\",\"publisher\":{\"@id\":\"https:\/\/www.combiworks.com\/fi\/#organization\"},\"potentialAction\":[{\"@type\":\"SearchAction\",\"target\":{\"@type\":\"EntryPoint\",\"urlTemplate\":\"https:\/\/www.combiworks.com\/fi\/?s={search_term_string}\"},\"query-input\":{\"@type\":\"PropertyValueSpecification\",\"valueRequired\":true,\"valueName\":\"search_term_string\"}}],\"inLanguage\":\"fi\"},{\"@type\":\"Organization\",\"@id\":\"https:\/\/www.combiworks.com\/fi\/#organization\",\"name\":\"Combi Works\",\"url\":\"https:\/\/www.combiworks.com\/fi\/\",\"logo\":{\"@type\":\"ImageObject\",\"inLanguage\":\"fi\",\"@id\":\"https:\/\/www.combiworks.com\/fi\/#\/schema\/logo\/image\/\",\"url\":\"https:\/\/www.combiworks.com\/wp-content\/uploads\/2023\/09\/combi_works_logo_color-1.png\",\"contentUrl\":\"https:\/\/www.combiworks.com\/wp-content\/uploads\/2023\/09\/combi_works_logo_color-1.png\",\"width\":500,\"height\":500,\"caption\":\"Combi Works\"},\"image\":{\"@id\":\"https:\/\/www.combiworks.com\/fi\/#\/schema\/logo\/image\/\"},\"sameAs\":[\"https:\/\/www.facebook.com\/people\/Combi-Works\/100057440740208\/\",\"https:\/\/www.linkedin.com\/company\/nordic-cast-sourcing-ltd\"]}]}<\/script>\n<!-- \/ Yoast SEO plugin. -->","yoast_head_json":{"title":"Tule mukaan Alihankinta 2025 -tapahtumaan: Millainen maailma on tullisotien j\u00e4lkeen?","description":"Combi Works on j\u00e4lleen mukana Alihankinta-messuilla Tampereella 30. syyskuuta - 2. lokakuuta. Kutsumme kaikki asiakkaamme ja yhteisty\u00f6kumppanimme l\u00e4mpim\u00e4sti k\u00e4ym\u00e4\u00e4n perinteisell\u00e4 osastollamme A233. %","robots":{"index":"index","follow":"follow","max-snippet":"max-snippet:-1","max-image-preview":"max-image-preview:large","max-video-preview":"max-video-preview:-1"},"canonical":"https:\/\/www.combiworks.com\/fi\/blog\/tule-mukaan-alihankinta-2025-tapahtumaan-millainen-maailma-on-tullisotien-jalkeen\/","og_locale":"fi_FI","og_type":"article","og_title":"Tule mukaan Alihankinta 2025 -tapahtumaan: Millainen maailma on tullisotien j\u00e4lkeen?","og_description":"Combi Works on j\u00e4lleen mukana Alihankinta-messuilla Tampereella 30. syyskuuta - 2. lokakuuta. Kutsumme kaikki asiakkaamme ja yhteisty\u00f6kumppanimme l\u00e4mpim\u00e4sti k\u00e4ym\u00e4\u00e4n perinteisell\u00e4 osastollamme A233. %","og_url":"https:\/\/www.combiworks.com\/fi\/blog\/tule-mukaan-alihankinta-2025-tapahtumaan-millainen-maailma-on-tullisotien-jalkeen\/","og_site_name":"Combi Works","article_publisher":"https:\/\/www.facebook.com\/people\/Combi-Works\/100057440740208\/","article_modified_time":"2025-09-16T10:39:24+00:00","og_image":[{"width":2200,"height":2088,"url":"https:\/\/www.combiworks.com\/wp-content\/uploads\/2024\/10\/Combi-Works-a-the-Alihankinta-2024-expo-scaled.jpg","type":"image\/jpeg"}],"twitter_card":"summary_large_image","twitter_misc":{"Arvioitu lukuaika":"1 minuutti"},"schema":{"@context":"https:\/\/schema.org","@graph":[{"@type":"WebPage","@id":"https:\/\/www.combiworks.com\/fi\/blog\/tule-mukaan-alihankinta-2025-tapahtumaan-millainen-maailma-on-tullisotien-jalkeen\/","url":"https:\/\/www.combiworks.com\/fi\/blog\/tule-mukaan-alihankinta-2025-tapahtumaan-millainen-maailma-on-tullisotien-jalkeen\/","name":"Tule mukaan Alihankinta 2025 -tapahtumaan: Millainen maailma on tullisotien j\u00e4lkeen?","isPartOf":{"@id":"https:\/\/www.combiworks.com\/fi\/#website"},"primaryImageOfPage":{"@id":"https:\/\/www.combiworks.com\/fi\/blog\/tule-mukaan-alihankinta-2025-tapahtumaan-millainen-maailma-on-tullisotien-jalkeen\/#primaryimage"},"image":{"@id":"https:\/\/www.combiworks.com\/fi\/blog\/tule-mukaan-alihankinta-2025-tapahtumaan-millainen-maailma-on-tullisotien-jalkeen\/#primaryimage"},"thumbnailUrl":"https:\/\/www.combiworks.com\/wp-content\/uploads\/2024\/10\/Combi-Works-a-the-Alihankinta-2024-expo-scaled.jpg","datePublished":"2025-09-16T10:32:56+00:00","dateModified":"2025-09-16T10:39:24+00:00","description":"Combi Works on j\u00e4lleen mukana Alihankinta-messuilla Tampereella 30. syyskuuta - 2. lokakuuta. Kutsumme kaikki asiakkaamme ja yhteisty\u00f6kumppanimme l\u00e4mpim\u00e4sti k\u00e4ym\u00e4\u00e4n perinteisell\u00e4 osastollamme A233. %","breadcrumb":{"@id":"https:\/\/www.combiworks.com\/fi\/blog\/tule-mukaan-alihankinta-2025-tapahtumaan-millainen-maailma-on-tullisotien-jalkeen\/#breadcrumb"},"inLanguage":"fi","potentialAction":[{"@type":"ReadAction","target":["https:\/\/www.combiworks.com\/fi\/blog\/tule-mukaan-alihankinta-2025-tapahtumaan-millainen-maailma-on-tullisotien-jalkeen\/"]}]},{"@type":"ImageObject","inLanguage":"fi","@id":"https:\/\/www.combiworks.com\/fi\/blog\/tule-mukaan-alihankinta-2025-tapahtumaan-millainen-maailma-on-tullisotien-jalkeen\/#primaryimage","url":"https:\/\/www.combiworks.com\/wp-content\/uploads\/2024\/10\/Combi-Works-a-the-Alihankinta-2024-expo-scaled.jpg","contentUrl":"https:\/\/www.combiworks.com\/wp-content\/uploads\/2024\/10\/Combi-Works-a-the-Alihankinta-2024-expo-scaled.jpg","width":2200,"height":2088,"caption":"Alihankinta 2024 - Combi Works"},{"@type":"BreadcrumbList","@id":"https:\/\/www.combiworks.com\/fi\/blog\/tule-mukaan-alihankinta-2025-tapahtumaan-millainen-maailma-on-tullisotien-jalkeen\/#breadcrumb","itemListElement":[{"@type":"ListItem","position":1,"name":"Home","item":"https:\/\/www.combiworks.com\/fi\/"},{"@type":"ListItem","position":2,"name":"Blog posts","item":"https:\/\/www.combiworks.com\/fi\/blog\/"},{"@type":"ListItem","position":3,"name":"Tule mukaan Alihankinta 2025 -tapahtumaan: Millainen maailma on tullisotien j\u00e4lkeen?"}]},{"@type":"WebSite","@id":"https:\/\/www.combiworks.com\/fi\/#website","url":"https:\/\/www.combiworks.com\/fi\/","name":"Combi Works","description":"The industrial manufacturing company - working in machine building and infra sectors","publisher":{"@id":"https:\/\/www.combiworks.com\/fi\/#organization"},"potentialAction":[{"@type":"SearchAction","target":{"@type":"EntryPoint","urlTemplate":"https:\/\/www.combiworks.com\/fi\/?s={search_term_string}"},"query-input":{"@type":"PropertyValueSpecification","valueRequired":true,"valueName":"search_term_string"}}],"inLanguage":"fi"},{"@type":"Organization","@id":"https:\/\/www.combiworks.com\/fi\/#organization","name":"Combi Works","url":"https:\/\/www.combiworks.com\/fi\/","logo":{"@type":"ImageObject","inLanguage":"fi","@id":"https:\/\/www.combiworks.com\/fi\/#\/schema\/logo\/image\/","url":"https:\/\/www.combiworks.com\/wp-content\/uploads\/2023\/09\/combi_works_logo_color-1.png","contentUrl":"https:\/\/www.combiworks.com\/wp-content\/uploads\/2023\/09\/combi_works_logo_color-1.png","width":500,"height":500,"caption":"Combi Works"},"image":{"@id":"https:\/\/www.combiworks.com\/fi\/#\/schema\/logo\/image\/"},"sameAs":["https:\/\/www.facebook.com\/people\/Combi-Works\/100057440740208\/","https:\/\/www.linkedin.com\/company\/nordic-cast-sourcing-ltd"]}]}},"taxonomy_info":{"block-category":[{"value":255,"label":"Factory as a service"},{"value":279,"label":"Hankintapalvelu"},{"value":244,"label":"Valmistuspalvelut"}]},"featured_image_src_large":["https:\/\/www.combiworks.com\/wp-content\/uploads\/2024\/10\/Combi-Works-a-the-Alihankinta-2024-expo-1024x972.jpg",1024,972,true],"author_info":[],"comment_info":"","_links":{"self":[{"href":"https:\/\/www.combiworks.com\/fi\/wp-json\/wp\/v2\/blog-posts\/9161","targetHints":{"allow":["GET"]}}],"collection":[{"href":"https:\/\/www.combiworks.com\/fi\/wp-json\/wp\/v2\/blog-posts"}],"about":[{"href":"https:\/\/www.combiworks.com\/fi\/wp-json\/wp\/v2\/types\/blog-posts"}],"wp:featuredmedia":[{"embeddable":true,"href":"https:\/\/www.combiworks.com\/fi\/wp-json\/wp\/v2\/media\/8507"}],"wp:attachment":[{"href":"https:\/\/www.combiworks.com\/fi\/wp-json\/wp\/v2\/media?parent=9161"}],"wp:term":[{"taxonomy":"block-category","embeddable":true,"href":"https:\/\/www.combiworks.com\/fi\/wp-json\/wp\/v2\/block-category?post=9161"},{"taxonomy":"hide-cover-photo","embeddable":true,"href":"https:\/\/www.combiworks.com\/fi\/wp-json\/wp\/v2\/hide-cover-photo?post=9161"}],"curies":[{"name":"wp","href":"https:\/\/api.w.org\/{rel}","templated":true}]}}