{"id":6539,"date":"2021-09-13T15:41:00","date_gmt":"2021-09-13T12:41:00","guid":{"rendered":"https:\/\/www.combiworks.com\/?post_type=blog-posts&#038;p=6539"},"modified":"2023-09-20T21:47:34","modified_gmt":"2023-09-20T18:47:34","slug":"tavataanko-alihankinta-messuilla-osasto-a233","status":"publish","type":"blog-posts","link":"https:\/\/www.combiworks.com\/fi\/blog\/tavataanko-alihankinta-messuilla-osasto-a233\/","title":{"rendered":"Tavataanko Alihankinta-messuilla? Osasto A233"},"content":{"rendered":"\n<p>Olemme j\u00e4lleen Tampereen&nbsp;Alihankinta-messuilla 21-23.9.2021 tutulla paikallamme &#8211; osasto A233.<br>Voimmeko jo tavata sinut?<\/p>\n\n\n\n<p><a href=\"https:\/\/view.creator.taiqa.com\/tampereenmessut\/alihankinta-2021-kutsu#\/page=1\">Rekister\u00f6i osallistumisesi ja tulosta p\u00e4\u00e4sylippusi t\u00e4\u00e4ll\u00e4.<\/a><\/p>\n\n\n\n<p>Me odotamme innolla tapaamisia kasvokkain. Olemme kuunnelleet teit\u00e4 ja vuoden aikana tehneet kovasti ty\u00f6t\u00e4 jatkuvan kehityksemme eteen.<br>Meit\u00e4 on paikanp\u00e4\u00e4ll\u00e4 lis\u00e4kseni my\u00f6s Greta (operatiivinen johtaja) ja Steven (laatujohtaja).<br>Sek\u00e4 tarjoamme my\u00f6s totutusti messujen parhaat kahvit<\/p>\n","protected":false},"featured_media":6527,"template":"","format":"standard","block-category":[],"hide-cover-photo":[],"class_list":["post-6539","blog-posts","type-blog-posts","status-publish","format-standard","has-post-thumbnail","hentry"],"acf":[],"yoast_head":"<!-- This site is optimized with the Yoast SEO plugin v25.5 - https:\/\/yoast.com\/wordpress\/plugins\/seo\/ -->\n<title>Tavataanko Alihankinta-messuilla? Osasto A233 - Combi Works<\/title>\n<meta name=\"robots\" content=\"index, follow, max-snippet:-1, max-image-preview:large, max-video-preview:-1\" \/>\n<link rel=\"canonical\" href=\"https:\/\/www.combiworks.com\/fi\/blog\/tavataanko-alihankinta-messuilla-osasto-a233\/\" \/>\n<meta property=\"og:locale\" content=\"fi_FI\" \/>\n<meta property=\"og:type\" content=\"article\" \/>\n<meta property=\"og:title\" content=\"Tavataanko Alihankinta-messuilla? Osasto A233 - Combi Works\" \/>\n<meta property=\"og:description\" content=\"Olemme j\u00e4lleen Tampereen&nbsp;Alihankinta-messuilla 21-23.9.2021 tutulla paikallamme &#8211; osasto A233.Voimmeko jo tavata sinut? Rekister\u00f6i osallistumisesi ja tulosta p\u00e4\u00e4sylippusi t\u00e4\u00e4ll\u00e4. Me odotamme innolla tapaamisia kasvokkain. Olemme kuunnelleet teit\u00e4 ja vuoden aikana tehneet kovasti ty\u00f6t\u00e4 jatkuvan kehityksemme eteen.Meit\u00e4 on paikanp\u00e4\u00e4ll\u00e4 lis\u00e4kseni my\u00f6s Greta (operatiivinen johtaja) ja Steven (laatujohtaja).Sek\u00e4 tarjoamme my\u00f6s totutusti messujen parhaat kahvit\" \/>\n<meta property=\"og:url\" content=\"https:\/\/www.combiworks.com\/fi\/blog\/tavataanko-alihankinta-messuilla-osasto-a233\/\" \/>\n<meta property=\"og:site_name\" content=\"Combi Works\" \/>\n<meta property=\"article:publisher\" content=\"https:\/\/www.facebook.com\/people\/Combi-Works\/100057440740208\/\" \/>\n<meta property=\"article:modified_time\" content=\"2023-09-20T18:47:34+00:00\" \/>\n<meta property=\"og:image\" content=\"https:\/\/www.combiworks.com\/wp-content\/uploads\/2023\/09\/Combi-Works-Oy-Alihankinta-2021-A233-esitys-copy-1-scaled.jpg\" \/>\n\t<meta property=\"og:image:width\" content=\"2200\" \/>\n\t<meta property=\"og:image:height\" content=\"1555\" \/>\n\t<meta property=\"og:image:type\" content=\"image\/jpeg\" \/>\n<meta name=\"twitter:card\" content=\"summary_large_image\" \/>\n<script type=\"application\/ld+json\" class=\"yoast-schema-graph\">{\"@context\":\"https:\/\/schema.org\",\"@graph\":[{\"@type\":\"WebPage\",\"@id\":\"https:\/\/www.combiworks.com\/fi\/blog\/tavataanko-alihankinta-messuilla-osasto-a233\/\",\"url\":\"https:\/\/www.combiworks.com\/fi\/blog\/tavataanko-alihankinta-messuilla-osasto-a233\/\",\"name\":\"Tavataanko Alihankinta-messuilla? Osasto A233 - Combi Works\",\"isPartOf\":{\"@id\":\"https:\/\/www.combiworks.com\/fi\/#website\"},\"primaryImageOfPage\":{\"@id\":\"https:\/\/www.combiworks.com\/fi\/blog\/tavataanko-alihankinta-messuilla-osasto-a233\/#primaryimage\"},\"image\":{\"@id\":\"https:\/\/www.combiworks.com\/fi\/blog\/tavataanko-alihankinta-messuilla-osasto-a233\/#primaryimage\"},\"thumbnailUrl\":\"https:\/\/www.combiworks.com\/wp-content\/uploads\/2023\/09\/Combi-Works-Oy-Alihankinta-2021-A233-esitys-copy-1-scaled.jpg\",\"datePublished\":\"2021-09-13T12:41:00+00:00\",\"dateModified\":\"2023-09-20T18:47:34+00:00\",\"breadcrumb\":{\"@id\":\"https:\/\/www.combiworks.com\/fi\/blog\/tavataanko-alihankinta-messuilla-osasto-a233\/#breadcrumb\"},\"inLanguage\":\"fi\",\"potentialAction\":[{\"@type\":\"ReadAction\",\"target\":[\"https:\/\/www.combiworks.com\/fi\/blog\/tavataanko-alihankinta-messuilla-osasto-a233\/\"]}]},{\"@type\":\"ImageObject\",\"inLanguage\":\"fi\",\"@id\":\"https:\/\/www.combiworks.com\/fi\/blog\/tavataanko-alihankinta-messuilla-osasto-a233\/#primaryimage\",\"url\":\"https:\/\/www.combiworks.com\/wp-content\/uploads\/2023\/09\/Combi-Works-Oy-Alihankinta-2021-A233-esitys-copy-1-scaled.jpg\",\"contentUrl\":\"https:\/\/www.combiworks.com\/wp-content\/uploads\/2023\/09\/Combi-Works-Oy-Alihankinta-2021-A233-esitys-copy-1-scaled.jpg\",\"width\":2200,\"height\":1555},{\"@type\":\"BreadcrumbList\",\"@id\":\"https:\/\/www.combiworks.com\/fi\/blog\/tavataanko-alihankinta-messuilla-osasto-a233\/#breadcrumb\",\"itemListElement\":[{\"@type\":\"ListItem\",\"position\":1,\"name\":\"Home\",\"item\":\"https:\/\/www.combiworks.com\/fi\/\"},{\"@type\":\"ListItem\",\"position\":2,\"name\":\"Blog posts\",\"item\":\"https:\/\/www.combiworks.com\/fi\/blog\/\"},{\"@type\":\"ListItem\",\"position\":3,\"name\":\"Tavataanko Alihankinta-messuilla? Osasto A233\"}]},{\"@type\":\"WebSite\",\"@id\":\"https:\/\/www.combiworks.com\/fi\/#website\",\"url\":\"https:\/\/www.combiworks.com\/fi\/\",\"name\":\"Combi Works\",\"description\":\"The industrial manufacturing company - working in machine building and infra sectors\",\"publisher\":{\"@id\":\"https:\/\/www.combiworks.com\/fi\/#organization\"},\"potentialAction\":[{\"@type\":\"SearchAction\",\"target\":{\"@type\":\"EntryPoint\",\"urlTemplate\":\"https:\/\/www.combiworks.com\/fi\/?s={search_term_string}\"},\"query-input\":{\"@type\":\"PropertyValueSpecification\",\"valueRequired\":true,\"valueName\":\"search_term_string\"}}],\"inLanguage\":\"fi\"},{\"@type\":\"Organization\",\"@id\":\"https:\/\/www.combiworks.com\/fi\/#organization\",\"name\":\"Combi Works\",\"url\":\"https:\/\/www.combiworks.com\/fi\/\",\"logo\":{\"@type\":\"ImageObject\",\"inLanguage\":\"fi\",\"@id\":\"https:\/\/www.combiworks.com\/fi\/#\/schema\/logo\/image\/\",\"url\":\"https:\/\/www.combiworks.com\/wp-content\/uploads\/2023\/09\/combi_works_logo_color-1.png\",\"contentUrl\":\"https:\/\/www.combiworks.com\/wp-content\/uploads\/2023\/09\/combi_works_logo_color-1.png\",\"width\":500,\"height\":500,\"caption\":\"Combi Works\"},\"image\":{\"@id\":\"https:\/\/www.combiworks.com\/fi\/#\/schema\/logo\/image\/\"},\"sameAs\":[\"https:\/\/www.facebook.com\/people\/Combi-Works\/100057440740208\/\",\"https:\/\/www.linkedin.com\/company\/nordic-cast-sourcing-ltd\"]}]}<\/script>\n<!-- \/ Yoast SEO plugin. -->","yoast_head_json":{"title":"Tavataanko Alihankinta-messuilla? Osasto A233 - Combi Works","robots":{"index":"index","follow":"follow","max-snippet":"max-snippet:-1","max-image-preview":"max-image-preview:large","max-video-preview":"max-video-preview:-1"},"canonical":"https:\/\/www.combiworks.com\/fi\/blog\/tavataanko-alihankinta-messuilla-osasto-a233\/","og_locale":"fi_FI","og_type":"article","og_title":"Tavataanko Alihankinta-messuilla? Osasto A233 - Combi Works","og_description":"Olemme j\u00e4lleen Tampereen&nbsp;Alihankinta-messuilla 21-23.9.2021 tutulla paikallamme &#8211; osasto A233.Voimmeko jo tavata sinut? Rekister\u00f6i osallistumisesi ja tulosta p\u00e4\u00e4sylippusi t\u00e4\u00e4ll\u00e4. Me odotamme innolla tapaamisia kasvokkain. Olemme kuunnelleet teit\u00e4 ja vuoden aikana tehneet kovasti ty\u00f6t\u00e4 jatkuvan kehityksemme eteen.Meit\u00e4 on paikanp\u00e4\u00e4ll\u00e4 lis\u00e4kseni my\u00f6s Greta (operatiivinen johtaja) ja Steven (laatujohtaja).Sek\u00e4 tarjoamme my\u00f6s totutusti messujen parhaat kahvit","og_url":"https:\/\/www.combiworks.com\/fi\/blog\/tavataanko-alihankinta-messuilla-osasto-a233\/","og_site_name":"Combi Works","article_publisher":"https:\/\/www.facebook.com\/people\/Combi-Works\/100057440740208\/","article_modified_time":"2023-09-20T18:47:34+00:00","og_image":[{"width":2200,"height":1555,"url":"https:\/\/www.combiworks.com\/wp-content\/uploads\/2023\/09\/Combi-Works-Oy-Alihankinta-2021-A233-esitys-copy-1-scaled.jpg","type":"image\/jpeg"}],"twitter_card":"summary_large_image","schema":{"@context":"https:\/\/schema.org","@graph":[{"@type":"WebPage","@id":"https:\/\/www.combiworks.com\/fi\/blog\/tavataanko-alihankinta-messuilla-osasto-a233\/","url":"https:\/\/www.combiworks.com\/fi\/blog\/tavataanko-alihankinta-messuilla-osasto-a233\/","name":"Tavataanko Alihankinta-messuilla? Osasto A233 - Combi Works","isPartOf":{"@id":"https:\/\/www.combiworks.com\/fi\/#website"},"primaryImageOfPage":{"@id":"https:\/\/www.combiworks.com\/fi\/blog\/tavataanko-alihankinta-messuilla-osasto-a233\/#primaryimage"},"image":{"@id":"https:\/\/www.combiworks.com\/fi\/blog\/tavataanko-alihankinta-messuilla-osasto-a233\/#primaryimage"},"thumbnailUrl":"https:\/\/www.combiworks.com\/wp-content\/uploads\/2023\/09\/Combi-Works-Oy-Alihankinta-2021-A233-esitys-copy-1-scaled.jpg","datePublished":"2021-09-13T12:41:00+00:00","dateModified":"2023-09-20T18:47:34+00:00","breadcrumb":{"@id":"https:\/\/www.combiworks.com\/fi\/blog\/tavataanko-alihankinta-messuilla-osasto-a233\/#breadcrumb"},"inLanguage":"fi","potentialAction":[{"@type":"ReadAction","target":["https:\/\/www.combiworks.com\/fi\/blog\/tavataanko-alihankinta-messuilla-osasto-a233\/"]}]},{"@type":"ImageObject","inLanguage":"fi","@id":"https:\/\/www.combiworks.com\/fi\/blog\/tavataanko-alihankinta-messuilla-osasto-a233\/#primaryimage","url":"https:\/\/www.combiworks.com\/wp-content\/uploads\/2023\/09\/Combi-Works-Oy-Alihankinta-2021-A233-esitys-copy-1-scaled.jpg","contentUrl":"https:\/\/www.combiworks.com\/wp-content\/uploads\/2023\/09\/Combi-Works-Oy-Alihankinta-2021-A233-esitys-copy-1-scaled.jpg","width":2200,"height":1555},{"@type":"BreadcrumbList","@id":"https:\/\/www.combiworks.com\/fi\/blog\/tavataanko-alihankinta-messuilla-osasto-a233\/#breadcrumb","itemListElement":[{"@type":"ListItem","position":1,"name":"Home","item":"https:\/\/www.combiworks.com\/fi\/"},{"@type":"ListItem","position":2,"name":"Blog posts","item":"https:\/\/www.combiworks.com\/fi\/blog\/"},{"@type":"ListItem","position":3,"name":"Tavataanko Alihankinta-messuilla? Osasto A233"}]},{"@type":"WebSite","@id":"https:\/\/www.combiworks.com\/fi\/#website","url":"https:\/\/www.combiworks.com\/fi\/","name":"Combi Works","description":"The industrial manufacturing company - working in machine building and infra sectors","publisher":{"@id":"https:\/\/www.combiworks.com\/fi\/#organization"},"potentialAction":[{"@type":"SearchAction","target":{"@type":"EntryPoint","urlTemplate":"https:\/\/www.combiworks.com\/fi\/?s={search_term_string}"},"query-input":{"@type":"PropertyValueSpecification","valueRequired":true,"valueName":"search_term_string"}}],"inLanguage":"fi"},{"@type":"Organization","@id":"https:\/\/www.combiworks.com\/fi\/#organization","name":"Combi Works","url":"https:\/\/www.combiworks.com\/fi\/","logo":{"@type":"ImageObject","inLanguage":"fi","@id":"https:\/\/www.combiworks.com\/fi\/#\/schema\/logo\/image\/","url":"https:\/\/www.combiworks.com\/wp-content\/uploads\/2023\/09\/combi_works_logo_color-1.png","contentUrl":"https:\/\/www.combiworks.com\/wp-content\/uploads\/2023\/09\/combi_works_logo_color-1.png","width":500,"height":500,"caption":"Combi Works"},"image":{"@id":"https:\/\/www.combiworks.com\/fi\/#\/schema\/logo\/image\/"},"sameAs":["https:\/\/www.facebook.com\/people\/Combi-Works\/100057440740208\/","https:\/\/www.linkedin.com\/company\/nordic-cast-sourcing-ltd"]}]}},"taxonomy_info":[],"featured_image_src_large":["https:\/\/www.combiworks.com\/wp-content\/uploads\/2023\/09\/Combi-Works-Oy-Alihankinta-2021-A233-esitys-copy-1-1024x724.jpg",1024,724,true],"author_info":[],"comment_info":"","_links":{"self":[{"href":"https:\/\/www.combiworks.com\/fi\/wp-json\/wp\/v2\/blog-posts\/6539","targetHints":{"allow":["GET"]}}],"collection":[{"href":"https:\/\/www.combiworks.com\/fi\/wp-json\/wp\/v2\/blog-posts"}],"about":[{"href":"https:\/\/www.combiworks.com\/fi\/wp-json\/wp\/v2\/types\/blog-posts"}],"wp:featuredmedia":[{"embeddable":true,"href":"https:\/\/www.combiworks.com\/fi\/wp-json\/wp\/v2\/media\/6527"}],"wp:attachment":[{"href":"https:\/\/www.combiworks.com\/fi\/wp-json\/wp\/v2\/media?parent=6539"}],"wp:term":[{"taxonomy":"block-category","embeddable":true,"href":"https:\/\/www.combiworks.com\/fi\/wp-json\/wp\/v2\/block-category?post=6539"},{"taxonomy":"hide-cover-photo","embeddable":true,"href":"https:\/\/www.combiworks.com\/fi\/wp-json\/wp\/v2\/hide-cover-photo?post=6539"}],"curies":[{"name":"wp","href":"https:\/\/api.w.org\/{rel}","templated":true}]}}